{"id":1381,"date":"2014-12-29T19:38:55","date_gmt":"2014-12-29T19:38:55","guid":{"rendered":"http:\/\/www.teste.withmustache.com\/?p=1381"},"modified":"2015-01-13T18:03:33","modified_gmt":"2015-01-13T18:03:33","slug":"pantone-2015","status":"publish","type":"post","link":"http:\/\/www.nmvm.pt\/?p=1381","title":{"rendered":"Pantone 2015"},"content":{"rendered":"<p>A Pantone j\u00e1 apresentou a cor para 2015, \u00e9 a cor que mais vamos ver nas colec\u00e7\u00f5es de 2015 seja ela em decora\u00e7\u00e3o ou vestu\u00e1rio.<br \/>\nNa decora\u00e7\u00e3o espero que apare\u00e7a, realmente \u00e9 uma cor que gosto muito. Associo muito esta cor, a cor de um vinho tinto com muita qualidade&#8230;<br \/>\nEm breve vou apresentar uma colec\u00e7\u00e3o linda de t\u00eaxtil e decora\u00e7\u00e3o com esta cor.<br \/>\nNa decora\u00e7\u00e3o gosto pelo facto de transmitir aos espa\u00e7os a sensa\u00e7\u00e3o de quente e conforto. Sem d\u00favida alguma que um espa\u00e7o decorado com alguns pormenores desta cor, vai ficar um espa\u00e7o requintado.<\/p>\n<p>Nos grandes desfiles de moda esta cor esteve presente como Roberto Cavalli, Victoria Beckham, Carolina Herrera, etc.<\/p>\n<p>Sem d\u00favida alguma \u00e9 uma cor que transmite sedu\u00e7\u00e3o, charme, e d\u00e1 as mulheres uma seguran\u00e7a em si que pode ser usada em qualquer ocasi\u00e3o. ADOREI&#8230;&#8230;<\/p>\n","protected":false},"excerpt":{"rendered":"<p>A Pantone j\u00e1 apresentou a cor para 2015, \u00e9 a cor que mais vamos ver nas colec\u00e7\u00f5es de 2015 seja ela em decora\u00e7\u00e3o ou vestu\u00e1rio. Na decora\u00e7\u00e3o espero que apare\u00e7a, realmente \u00e9 uma cor que gosto muito. Associo muito esta&nbsp;&hellip;<\/p>\n","protected":false},"author":1,"featured_media":1383,"comment_status":"open","ping_status":"open","sticky":false,"template":"","format":"gallery","meta":{"footnotes":""},"categories":[30,1,29],"tags":[50],"class_list":["post-1381","post","type-post","status-publish","format-gallery","has-post-thumbnail","hentry","category-arquitectura","category-lugarchic","category-design-de-interiores-o-meu-blog","tag-design-de-interiores","post_format-post-format-gallery"],"_links":{"self":[{"href":"http:\/\/www.nmvm.pt\/index.php?rest_route=\/wp\/v2\/posts\/1381","targetHints":{"allow":["GET"]}}],"collection":[{"href":"http:\/\/www.nmvm.pt\/index.php?rest_route=\/wp\/v2\/posts"}],"about":[{"href":"http:\/\/www.nmvm.pt\/index.php?rest_route=\/wp\/v2\/types\/post"}],"author":[{"embeddable":true,"href":"http:\/\/www.nmvm.pt\/index.php?rest_route=\/wp\/v2\/users\/1"}],"replies":[{"embeddable":true,"href":"http:\/\/www.nmvm.pt\/index.php?rest_route=%2Fwp%2Fv2%2Fcomments&post=1381"}],"version-history":[{"count":2,"href":"http:\/\/www.nmvm.pt\/index.php?rest_route=\/wp\/v2\/posts\/1381\/revisions"}],"predecessor-version":[{"id":1428,"href":"http:\/\/www.nmvm.pt\/index.php?rest_route=\/wp\/v2\/posts\/1381\/revisions\/1428"}],"wp:featuredmedia":[{"embeddable":true,"href":"http:\/\/www.nmvm.pt\/index.php?rest_route=\/wp\/v2\/media\/1383"}],"wp:attachment":[{"href":"http:\/\/www.nmvm.pt\/index.php?rest_route=%2Fwp%2Fv2%2Fmedia&parent=1381"}],"wp:term":[{"taxonomy":"category","embeddable":true,"href":"http:\/\/www.nmvm.pt\/index.php?rest_route=%2Fwp%2Fv2%2Fcategories&post=1381"},{"taxonomy":"post_tag","embeddable":true,"href":"http:\/\/www.nmvm.pt\/index.php?rest_route=%2Fwp%2Fv2%2Ftags&post=1381"}],"curies":[{"name":"wp","href":"https:\/\/api.w.org\/{rel}","templated":true}]}}